{"id":5658,"date":"2026-09-02T16:16:55","date_gmt":"2026-09-02T14:16:55","guid":{"rendered":"https:\/\/www.ved.it\/?p=5658"},"modified":"2026-09-02T16:53:22","modified_gmt":"2026-09-02T14:53:22","slug":"maria-pia-prestigiacomo-premiata-a-muse-di-sicilia","status":"publish","type":"post","link":"https:\/\/www.ved.it\/it\/maria-pia-prestigiacomo-premiata-a-muse-di-sicilia\/","title":{"rendered":"Maria Pia Prestigiacomo premiata a \u201cMuse di Sicilia\u201d"},"content":{"rendered":"<blockquote>\n<p style=\"text-align: justify;\"><span style=\"font-size: 14pt;\">Un riconoscimento all\u2019imprenditoria femminile e a una leadership costruita attraverso impresa, persone e territorio.<\/span><\/p>\n<p style=\"text-align: justify;\"><span style=\"font-size: 14pt;\">Il 24 luglio 2026, presso la sede di Siracusa della Camera di Commercio del Sud Est Sicilia, si \u00e8 svolto <strong>\u201cMuse di Sicilia\u201d<\/strong>, evento istituzionale dedicato alla valorizzazione dell\u2019imprenditoria femminile.<\/span><\/p>\n<\/blockquote>\n<p>&nbsp;<\/p>\n<p style=\"text-align: justify;\"><span style=\"font-size: 14pt;\">Tra le protagoniste della manifestazione \u00e8 stata <strong>premiata Maria Pia Prestigiacomo<\/strong>, figura di riferimento del Gruppo COEMI-VED, per un percorso imprenditoriale caratterizzato da responsabilit\u00e0, visione e attenzione al territorio.<\/span><\/p>\n<p style=\"text-align: justify;\"><span style=\"font-size: 14pt;\">L\u2019evento ha rappresentato un\u2019occasione di confronto sul ruolo delle donne nell\u2019impresa, sulle condizioni necessarie per sostenere la crescita professionale e sul contributo che aziende e istituzioni possono offrire allo sviluppo delle nuove generazioni.<\/span><\/p>\n<h2 style=\"text-align: justify;\"><strong><span style=\"font-size: 14pt;\">Leadership femminile nell\u2019industria<\/span><\/strong><\/h2>\n<p style=\"text-align: justify;\"><span style=\"font-size: 14pt;\">Parlare di imprenditoria femminile nel settore industriale significa confrontarsi con un contesto tradizionalmente caratterizzato da una forte presenza maschile, soprattutto nei ruoli tecnici. Negli ultimi anni questo scenario sta progressivamente cambiando.<\/span><br \/>\n<span style=\"font-size: 14pt;\">All\u2019interno delle realt\u00e0 COEMI e VED, la presenza delle donne interessa oggi anche attivit\u00e0 tecniche, ingegneristiche e specialistiche. Non si tratta soltanto di una questione numerica.<\/span><br \/>\n<span style=\"font-size: 14pt;\">La capacit\u00e0 di mettere insieme esperienze, sensibilit\u00e0, competenze e modalit\u00e0 differenti di affrontare i problemi pu\u00f2 aumentare la qualit\u00e0 dei gruppi di lavoro. Il tema diventa quindi quello della complementarit\u00e0: non contrapporre leadership maschile e femminile, ma creare organizzazioni capaci di valorizzare pienamente il contributo di entrambe.<\/span><\/p>\n<h2 style=\"text-align: justify;\"><strong><span style=\"font-size: 14pt;\">Il talento ha bisogno delle condizioni per crescere<\/span><\/strong><\/h2>\n<p style=\"text-align: justify;\"><span style=\"font-size: 14pt;\">Durante il confronto \u00e8 emerso anche uno degli aspetti pi\u00f9 concreti legati alla partecipazione femminile al mondo del lavoro: la necessit\u00e0 di migliorare le condizioni che permettono di conciliare crescita professionale e responsabilit\u00e0 familiari.<\/span><br \/>\n<span style=\"font-size: 14pt;\">La disponibilit\u00e0 di servizi come asili, nursery aziendali e strumenti organizzativi di supporto pu\u00f2 incidere in maniera significativa sulle opportunit\u00e0 professionali, soprattutto nei primi anni di vita dei figli.<\/span><br \/>\n<span style=\"font-size: 14pt;\">La parit\u00e0 non dipende quindi esclusivamente dall\u2019accesso formale alle opportunit\u00e0. Dipende anche dall\u2019esistenza di condizioni che rendano quelle opportunit\u00e0 realmente praticabili.<\/span><\/p>\n<h2 style=\"text-align: justify;\"><strong><span style=\"font-size: 14pt;\">Formazione e impresa: il caso della Borsa di Studio Giuseppe Prestigiacomo<\/span><\/strong><\/h2>\n<p style=\"text-align: justify;\"><span style=\"font-size: 14pt;\">Il rapporto tra impresa, persone e territorio si manifesta concretamente anche attraverso iniziative dedicate ai giovani. Tra queste rientra la Borsa di Studio Giuseppe Prestigiacomo, attraverso la quale il Gruppo sostiene laureati meritevoli e favorisce il collegamento tra formazione e mondo professionale.<\/span><\/p>\n<p style=\"text-align: justify;\"><span style=\"font-size: 14pt;\">Un esempio significativo \u00e8 quello di Benedetta Lanza, premiata dopo aver conseguito la laurea con 110 e lode. Il riconoscimento \u00e8 stato seguito da un percorso formativo dedicato alla ISO 9001 e, successivamente, dall\u2019ingresso in VED all\u2019interno della Business Unit impegnata nelle attivit\u00e0 GFE ed ESG.<\/span><\/p>\n<h2 style=\"text-align: justify;\"><strong><span style=\"font-size: 14pt;\">Impresa e territorio: un rapporto che va oltre la produzione<\/span><\/strong><\/h2>\n<p style=\"text-align: justify;\"><span style=\"font-size: 14pt;\">Un\u2019impresa industriale vive inevitabilmente in relazione con il territorio nel quale opera. Le persone provengono da quel territorio, le competenze crescono all\u2019interno di quel territorio e le aziende contribuiscono alla sua economia.<\/span><br \/>\n<span style=\"font-size: 14pt;\">La responsabilit\u00e0 d\u2019impresa pu\u00f2 quindi essere interpretata anche come capacit\u00e0 di restituire valore, mettendo a disposizione conoscenze, mezzi e capacit\u00e0 organizzative. Il territorio diventa parte dell\u2019identit\u00e0 stessa dell\u2019organizzazione.<\/span><\/p>\n<h2 style=\"text-align: justify;\"><strong><span style=\"font-size: 14pt;\">Competenze tecniche al servizio della comunit\u00e0<\/span><\/strong><\/h2>\n<p style=\"text-align: justify;\"><span style=\"font-size: 14pt;\">Durante il confronto legato a \u201cMuse di Sicilia\u201d \u00e8 emersa anche la disponibilit\u00e0 a valutare il recupero delle sculture collocate nella rotatoria di viale Scala Greca a Siracusa, opere dell\u2019artista Ventura Sabino legate alla storia del Comitato per l\u2019Imprenditoria Femminile.<\/span><br \/>\n<span style=\"font-size: 14pt;\">L\u2019idea \u00e8 significativa perch\u00e9 mette in relazione due mondi apparentemente distanti: patrimonio urbano e competenze industriali. Tecniche e professionalit\u00e0 normalmente utilizzate in ambiti produttivi possono, in determinate condizioni, essere messe al servizio della comunit\u00e0.<\/span><\/p>\n<h2 style=\"text-align: justify;\"><strong><span style=\"font-size: 14pt;\">Un riconoscimento che racconta un modello di impresa<\/span><\/strong><\/h2>\n<p style=\"text-align: justify;\"><span style=\"font-size: 14pt;\">Il premio assegnato a Maria Pia Prestigiacomo assume quindi un significato pi\u00f9 ampio del riconoscimento personale. Racconta una visione nella quale l\u2019impresa viene interpretata come luogo nel quale devono poter convivere competenza e responsabilit\u00e0, risultato e attenzione alle persone, sviluppo industriale e territorio, esperienza e nuove generazioni.<\/span><br \/>\n<span style=\"font-size: 14pt;\">\u00c8 una concezione della leadership che guarda alla crescita dell\u2019organizzazione senza separarla dalla crescita delle persone che ne fanno parte.<\/span><\/p>\n<h2 style=\"text-align: justify;\"><strong><span style=\"font-size: 14pt;\">\u201cMuse di Sicilia\u201d: quando il riconoscimento diventa confronto<\/span><\/strong><\/h2>\n<p style=\"text-align: justify;\"><span style=\"font-size: 14pt;\">\u201cMuse di Sicilia\u201d non \u00e8 stato soltanto un momento celebrativo. La manifestazione ha creato uno spazio nel quale esperienze imprenditoriali differenti hanno potuto confrontarsi su temi che riguardano il presente e il futuro del lavoro:<\/span><\/p>\n<ul>\n<li style=\"text-align: justify;\"><span style=\"font-size: 14pt;\">leadership<\/span><\/li>\n<li style=\"text-align: justify;\"><span style=\"font-size: 14pt;\">diversit\u00e0<\/span><\/li>\n<li style=\"text-align: justify;\"><span style=\"font-size: 14pt;\">innovazione<\/span><\/li>\n<li style=\"text-align: justify;\"><span style=\"font-size: 14pt;\">accesso alle opportunit\u00e0<\/span><\/li>\n<li style=\"text-align: justify;\"><span style=\"font-size: 14pt;\">partecipazione femminile<\/span><\/li>\n<li style=\"text-align: justify;\"><span style=\"font-size: 14pt;\">formazione<\/span><\/li>\n<li style=\"text-align: justify;\"><span style=\"font-size: 14pt;\">territorio<\/span><\/li>\n<\/ul>\n<p style=\"text-align: justify;\"><strong><span style=\"font-size: 14pt;\">La presenza di imprenditrici provenienti dalle diverse realt\u00e0 del Sud Est siciliano ha trasformato il premio in un\u2019occasione per rendere visibili percorsi capaci di diventare anche punti di riferimento per altre donne.<\/span><\/strong><\/p>\n<h2 style=\"text-align: justify;\"><strong><span style=\"font-size: 14pt;\">Domande frequenti<\/span><\/strong><\/h2>\n<p style=\"text-align: justify;\"><strong><span style=\"font-size: 14pt;\">Quando si \u00e8 svolto Muse di Sicilia 2026?<\/span><\/strong><br \/>\n<span style=\"font-size: 14pt;\">L\u2019evento si \u00e8 svolto il 24 luglio 2026 a Siracusa.<\/span><br \/>\n<strong><span style=\"font-size: 14pt;\">Chi ha promosso Muse di Sicilia?<\/span><\/strong><br \/>\n<span style=\"font-size: 14pt;\">L\u2019iniziativa \u00e8 stata promossa nell\u2019ambito della Camera di Commercio del Sud Est Sicilia e delle attivit\u00e0 dedicate all\u2019imprenditoria femminile.<\/span><br \/>\n<strong><span style=\"font-size: 14pt;\">Chi \u00e8 Maria Pia Prestigiacomo?<\/span><\/strong><br \/>\n<span style=\"font-size: 14pt;\">Maria Pia Prestigiacomo \u00e8 un\u2019imprenditrice e figura di riferimento del Gruppo COEMI-VED, realt\u00e0 industriale attiva nei servizi tecnici e specialistici per l\u2019industria.<\/span><br \/>\n<strong><span style=\"font-size: 14pt;\">Quali temi sono stati affrontati?<\/span><\/strong><br \/>\n<span style=\"font-size: 14pt;\">Leadership femminile, impresa, diversit\u00e0, innovazione, conciliazione tra vita e lavoro, formazione dei giovani e rapporto tra aziende e territorio.<\/span><\/p>","protected":false},"excerpt":{"rendered":"<p>Un riconoscimento all\u2019imprenditoria femminile e a una leadership costruita attraverso impresa, persone e territorio. Il 24 luglio 2026, presso la sede di Siracusa della Camera di Commercio del Sud Est Sicilia, si \u00e8 svolto \u201cMuse di Sicilia\u201d, evento istituzionale dedicato alla valorizzazione dell\u2019imprenditoria femminile. &nbsp; Tra le protagoniste della manifestazione \u00e8 stata premiata Maria Pia [&hellip;]<\/p>\n","protected":false},"author":2,"featured_media":5661,"comment_status":"open","ping_status":"open","sticky":false,"template":"","format":"standard","meta":{"ngg_post_thumbnail":0,"footnotes":""},"categories":[41,176],"tags":[172],"class_list":["post-5658","post","type-post","status-publish","format-standard","has-post-thumbnail","hentry","category-eventi","category-premi","tag-riconoscimenti"],"yoast_head":"<!-- This site is optimized with the Yoast SEO plugin v26.9 - https:\/\/yoast.com\/product\/yoast-seo-wordpress\/ -->\n<title>Maria Pia Prestigiacomo premiata a \u201cMuse di Sicilia\u201d - VED Srl<\/title>\n<meta name=\"description\" content=\"Maria Pia Prestigiacomo premiata a Muse di Sicilia, evento dedicato all\u2019imprenditoria femminile svoltosi il 24 luglio 2026 a Siracusa\" \/>\n<meta name=\"robots\" content=\"index, follow, max-snippet:-1, max-image-preview:large, max-video-preview:-1\" \/>\n<link rel=\"canonical\" href=\"https:\/\/www.ved.it\/it\/maria-pia-prestigiacomo-premiata-a-muse-di-sicilia\/\" \/>\n<meta property=\"og:locale\" content=\"it_IT\" \/>\n<meta property=\"og:type\" content=\"article\" \/>\n<meta property=\"og:title\" content=\"Maria Pia Prestigiacomo premiata a \u201cMuse di Sicilia\u201d - VED Srl\" \/>\n<meta property=\"og:description\" content=\"Maria Pia Prestigiacomo premiata a Muse di Sicilia, evento dedicato all\u2019imprenditoria femminile svoltosi il 24 luglio 2026 a Siracusa\" \/>\n<meta property=\"og:url\" content=\"https:\/\/www.ved.it\/it\/maria-pia-prestigiacomo-premiata-a-muse-di-sicilia\/\" \/>\n<meta property=\"og:site_name\" content=\"VED Srl\" \/>\n<meta property=\"article:published_time\" content=\"2026-09-02T14:16:55+00:00\" \/>\n<meta property=\"article:modified_time\" content=\"2026-09-02T14:53:22+00:00\" \/>\n<meta property=\"og:image\" content=\"https:\/\/www.ved.it\/wp-content\/uploads\/2026\/09\/Locandina-Muse-di-Sicilia-2026.jpeg\" \/>\n\t<meta property=\"og:image:width\" content=\"1122\" \/>\n\t<meta property=\"og:image:height\" content=\"1402\" \/>\n\t<meta property=\"og:image:type\" content=\"image\/jpeg\" \/>\n<meta name=\"author\" content=\"VED Company\" \/>\n<meta name=\"twitter:card\" content=\"summary_large_image\" \/>\n<meta name=\"twitter:label1\" content=\"Scritto da\" \/>\n\t<meta name=\"twitter:data1\" content=\"VED Company\" \/>\n\t<meta name=\"twitter:label2\" content=\"Tempo di lettura stimato\" \/>\n\t<meta name=\"twitter:data2\" content=\"5 minuti\" \/>\n<script type=\"application\/ld+json\" class=\"yoast-schema-graph\">{\"@context\":\"https:\/\/schema.org\",\"@graph\":[{\"@type\":\"Article\",\"@id\":\"https:\/\/www.ved.it\/maria-pia-prestigiacomo-premiata-a-muse-di-sicilia\/#article\",\"isPartOf\":{\"@id\":\"https:\/\/www.ved.it\/maria-pia-prestigiacomo-premiata-a-muse-di-sicilia\/\"},\"author\":{\"name\":\"VED Company\",\"@id\":\"https:\/\/www.ved.it\/#\/schema\/person\/eef4e1e93b41dd9400b1cb15d7e8764a\"},\"headline\":\"Maria Pia Prestigiacomo premiata a \u201cMuse di Sicilia\u201d\",\"datePublished\":\"2026-09-02T14:16:55+00:00\",\"dateModified\":\"2026-09-02T14:53:22+00:00\",\"mainEntityOfPage\":{\"@id\":\"https:\/\/www.ved.it\/maria-pia-prestigiacomo-premiata-a-muse-di-sicilia\/\"},\"wordCount\":828,\"commentCount\":0,\"publisher\":{\"@id\":\"https:\/\/www.ved.it\/#organization\"},\"image\":{\"@id\":\"https:\/\/www.ved.it\/maria-pia-prestigiacomo-premiata-a-muse-di-sicilia\/#primaryimage\"},\"thumbnailUrl\":\"https:\/\/www.ved.it\/wp-content\/uploads\/2026\/09\/Locandina-Muse-di-Sicilia-2026.jpeg\",\"keywords\":[\"riconoscimenti\"],\"articleSection\":[\"eventi\",\"premi\"],\"inLanguage\":\"it-IT\",\"potentialAction\":[{\"@type\":\"CommentAction\",\"name\":\"Comment\",\"target\":[\"https:\/\/www.ved.it\/maria-pia-prestigiacomo-premiata-a-muse-di-sicilia\/#respond\"]}]},{\"@type\":\"WebPage\",\"@id\":\"https:\/\/www.ved.it\/it\/maria-pia-prestigiacomo-premiata-a-muse-di-sicilia\/\",\"url\":\"https:\/\/www.ved.it\/it\/maria-pia-prestigiacomo-premiata-a-muse-di-sicilia\/\",\"name\":\"Maria Pia Prestigiacomo premiata a \u201cMuse di Sicilia\u201d - VED Srl\",\"isPartOf\":{\"@id\":\"https:\/\/www.ved.it\/it\/#website\"},\"primaryImageOfPage\":{\"@id\":\"https:\/\/www.ved.it\/it\/maria-pia-prestigiacomo-premiata-a-muse-di-sicilia\/#primaryimage\"},\"image\":{\"@id\":\"https:\/\/www.ved.it\/maria-pia-prestigiacomo-premiata-a-muse-di-sicilia\/#primaryimage\"},\"thumbnailUrl\":\"https:\/\/www.ved.it\/wp-content\/uploads\/2026\/09\/Locandina-Muse-di-Sicilia-2026.jpeg\",\"datePublished\":\"2026-09-02T14:16:55+00:00\",\"dateModified\":\"2026-09-02T14:53:22+00:00\",\"description\":\"Maria Pia Prestigiacomo premiata a Muse di Sicilia, evento dedicato all\u2019imprenditoria femminile svoltosi il 24 luglio 2026 a Siracusa\",\"breadcrumb\":{\"@id\":\"https:\/\/www.ved.it\/it\/maria-pia-prestigiacomo-premiata-a-muse-di-sicilia\/#breadcrumb\"},\"inLanguage\":\"it-IT\",\"potentialAction\":[{\"@type\":\"ReadAction\",\"target\":[[\"https:\/\/www.ved.it\/it\/maria-pia-prestigiacomo-premiata-a-muse-di-sicilia\/\"]]}]},{\"@type\":\"ImageObject\",\"inLanguage\":\"it-IT\",\"@id\":\"https:\/\/www.ved.it\/it\/maria-pia-prestigiacomo-premiata-a-muse-di-sicilia\/#primaryimage\",\"url\":\"https:\/\/www.ved.it\/wp-content\/uploads\/2026\/09\/Locandina-Muse-di-Sicilia-2026.jpeg\",\"contentUrl\":\"https:\/\/www.ved.it\/wp-content\/uploads\/2026\/09\/Locandina-Muse-di-Sicilia-2026.jpeg\",\"width\":1122,\"height\":1402},{\"@type\":\"BreadcrumbList\",\"@id\":\"https:\/\/www.ved.it\/it\/maria-pia-prestigiacomo-premiata-a-muse-di-sicilia\/#breadcrumb\",\"itemListElement\":[{\"@type\":\"ListItem\",\"position\":1,\"name\":\"Home\",\"item\":\"https:\/\/www.ved.it\/it\/\"},{\"@type\":\"ListItem\",\"position\":2,\"name\":\"Maria Pia Prestigiacomo premiata a \u201cMuse di Sicilia\u201d\"}]},{\"@type\":\"WebSite\",\"@id\":\"https:\/\/www.ved.it\/it\/#website\",\"url\":\"https:\/\/www.ved.it\/it\/\",\"name\":\"VED Srl\",\"description\":\"Oil&amp;Gas Specialised Services and Products Supplier\",\"publisher\":{\"@id\":\"https:\/\/www.ved.it\/it\/#organization\"},\"potentialAction\":[{\"@type\":\"SearchAction\",\"target\":{\"@type\":\"EntryPoint\",\"urlTemplate\":\"https:\/\/www.ved.it\/it\/?s={search_term_string}\"},\"query-input\":{\"@type\":\"PropertyValueSpecification\",\"valueRequired\":true,\"valueName\":\"search_term_string\"}}],\"inLanguage\":\"it-IT\"},{\"@type\":\"Organization\",\"@id\":\"https:\/\/www.ved.it\/it\/#organization\",\"name\":\"VED Srl\",\"url\":\"https:\/\/www.ved.it\/it\/\",\"logo\":{\"@type\":\"ImageObject\",\"inLanguage\":\"it-IT\",\"@id\":\"https:\/\/www.ved.it\/it\/#\/schema\/logo\/image\/\",\"url\":\"https:\/\/www.ved.it\/wp-content\/uploads\/2020\/12\/logo-ved_150px.png\",\"contentUrl\":\"https:\/\/www.ved.it\/wp-content\/uploads\/2020\/12\/logo-ved_150px.png\",\"width\":149,\"height\":150,\"caption\":\"VED Srl\"},\"image\":{\"@id\":\"https:\/\/www.ved.it\/it\/#\/schema\/logo\/image\/\"},\"sameAs\":[\"http:\/\/www.linkedin.com\/company\/ved-s-r-l-?trk=top_nav_home\",\"https:\/\/www.pinterest.com\/vedsrl\",\"https:\/\/www.youtube.com\/channel\/UCFFwNB4TgMmaYpLRZOMnicw\"]},{\"@type\":\"Person\",\"@id\":\"https:\/\/www.ved.it\/#\/schema\/person\/eef4e1e93b41dd9400b1cb15d7e8764a\",\"name\":\"VED Company\",\"image\":{\"@type\":\"ImageObject\",\"inLanguage\":\"it-IT\",\"@id\":\"https:\/\/www.ved.it\/it\/#\/schema\/person\/image\/\",\"url\":\"https:\/\/secure.gravatar.com\/avatar\/23b2b03a061e70676f231531631b1660bdfd2a23ac1afabd2623807f58957830?s=96&d=mm&r=g\",\"contentUrl\":\"https:\/\/secure.gravatar.com\/avatar\/23b2b03a061e70676f231531631b1660bdfd2a23ac1afabd2623807f58957830?s=96&d=mm&r=g\",\"caption\":\"VED Company\"},\"url\":\"https:\/\/www.ved.it\/it\/author\/webservice\/\"}]}<\/script>\n<!-- \/ Yoast SEO plugin. -->","yoast_head_json":{"title":"Maria Pia Prestigiacomo premiata a \u201cMuse di Sicilia\u201d - VED Srl","description":"Maria Pia Prestigiacomo premiata a Muse di Sicilia, evento dedicato all\u2019imprenditoria femminile svoltosi il 24 luglio 2026 a Siracusa","robots":{"index":"index","follow":"follow","max-snippet":"max-snippet:-1","max-image-preview":"max-image-preview:large","max-video-preview":"max-video-preview:-1"},"canonical":"https:\/\/www.ved.it\/it\/maria-pia-prestigiacomo-premiata-a-muse-di-sicilia\/","og_locale":"it_IT","og_type":"article","og_title":"Maria Pia Prestigiacomo premiata a \u201cMuse di Sicilia\u201d - VED Srl","og_description":"Maria Pia Prestigiacomo premiata a Muse di Sicilia, evento dedicato all\u2019imprenditoria femminile svoltosi il 24 luglio 2026 a Siracusa","og_url":"https:\/\/www.ved.it\/it\/maria-pia-prestigiacomo-premiata-a-muse-di-sicilia\/","og_site_name":"VED Srl","article_published_time":"2026-09-02T14:16:55+00:00","article_modified_time":"2026-09-02T14:53:22+00:00","og_image":[{"width":1122,"height":1402,"url":"https:\/\/www.ved.it\/wp-content\/uploads\/2026\/09\/Locandina-Muse-di-Sicilia-2026.jpeg","type":"image\/jpeg"}],"author":"VED Company","twitter_card":"summary_large_image","twitter_misc":{"Scritto da":"VED Company","Tempo di lettura stimato":"5 minuti"},"schema":{"@context":"https:\/\/schema.org","@graph":[{"@type":"Article","@id":"https:\/\/www.ved.it\/maria-pia-prestigiacomo-premiata-a-muse-di-sicilia\/#article","isPartOf":{"@id":"https:\/\/www.ved.it\/maria-pia-prestigiacomo-premiata-a-muse-di-sicilia\/"},"author":{"name":"VED Company","@id":"https:\/\/www.ved.it\/#\/schema\/person\/eef4e1e93b41dd9400b1cb15d7e8764a"},"headline":"Maria Pia Prestigiacomo premiata a \u201cMuse di Sicilia\u201d","datePublished":"2026-09-02T14:16:55+00:00","dateModified":"2026-09-02T14:53:22+00:00","mainEntityOfPage":{"@id":"https:\/\/www.ved.it\/maria-pia-prestigiacomo-premiata-a-muse-di-sicilia\/"},"wordCount":828,"commentCount":0,"publisher":{"@id":"https:\/\/www.ved.it\/#organization"},"image":{"@id":"https:\/\/www.ved.it\/maria-pia-prestigiacomo-premiata-a-muse-di-sicilia\/#primaryimage"},"thumbnailUrl":"https:\/\/www.ved.it\/wp-content\/uploads\/2026\/09\/Locandina-Muse-di-Sicilia-2026.jpeg","keywords":["riconoscimenti"],"articleSection":["eventi","premi"],"inLanguage":"it-IT","potentialAction":[{"@type":"CommentAction","name":"Comment","target":["https:\/\/www.ved.it\/maria-pia-prestigiacomo-premiata-a-muse-di-sicilia\/#respond"]}]},{"@type":"WebPage","@id":"https:\/\/www.ved.it\/it\/maria-pia-prestigiacomo-premiata-a-muse-di-sicilia\/","url":"https:\/\/www.ved.it\/it\/maria-pia-prestigiacomo-premiata-a-muse-di-sicilia\/","name":"Maria Pia Prestigiacomo premiata a \u201cMuse di Sicilia\u201d - VED Srl","isPartOf":{"@id":"https:\/\/www.ved.it\/it\/#website"},"primaryImageOfPage":{"@id":"https:\/\/www.ved.it\/it\/maria-pia-prestigiacomo-premiata-a-muse-di-sicilia\/#primaryimage"},"image":{"@id":"https:\/\/www.ved.it\/maria-pia-prestigiacomo-premiata-a-muse-di-sicilia\/#primaryimage"},"thumbnailUrl":"https:\/\/www.ved.it\/wp-content\/uploads\/2026\/09\/Locandina-Muse-di-Sicilia-2026.jpeg","datePublished":"2026-09-02T14:16:55+00:00","dateModified":"2026-09-02T14:53:22+00:00","description":"Maria Pia Prestigiacomo premiata a Muse di Sicilia, evento dedicato all\u2019imprenditoria femminile svoltosi il 24 luglio 2026 a Siracusa","breadcrumb":{"@id":"https:\/\/www.ved.it\/it\/maria-pia-prestigiacomo-premiata-a-muse-di-sicilia\/#breadcrumb"},"inLanguage":"it-IT","potentialAction":[{"@type":"ReadAction","target":[["https:\/\/www.ved.it\/it\/maria-pia-prestigiacomo-premiata-a-muse-di-sicilia\/"]]}]},{"@type":"ImageObject","inLanguage":"it-IT","@id":"https:\/\/www.ved.it\/it\/maria-pia-prestigiacomo-premiata-a-muse-di-sicilia\/#primaryimage","url":"https:\/\/www.ved.it\/wp-content\/uploads\/2026\/09\/Locandina-Muse-di-Sicilia-2026.jpeg","contentUrl":"https:\/\/www.ved.it\/wp-content\/uploads\/2026\/09\/Locandina-Muse-di-Sicilia-2026.jpeg","width":1122,"height":1402},{"@type":"BreadcrumbList","@id":"https:\/\/www.ved.it\/it\/maria-pia-prestigiacomo-premiata-a-muse-di-sicilia\/#breadcrumb","itemListElement":[{"@type":"ListItem","position":1,"name":"Home","item":"https:\/\/www.ved.it\/it\/"},{"@type":"ListItem","position":2,"name":"Maria Pia Prestigiacomo premiata a \u201cMuse di Sicilia\u201d"}]},{"@type":"WebSite","@id":"https:\/\/www.ved.it\/it\/#website","url":"https:\/\/www.ved.it\/it\/","name":"VED Srl","description":"Oil&amp;Gas Specialised Services and Products Supplier","publisher":{"@id":"https:\/\/www.ved.it\/it\/#organization"},"potentialAction":[{"@type":"SearchAction","target":{"@type":"EntryPoint","urlTemplate":"https:\/\/www.ved.it\/it\/?s={search_term_string}"},"query-input":{"@type":"PropertyValueSpecification","valueRequired":true,"valueName":"search_term_string"}}],"inLanguage":"it-IT"},{"@type":"Organization","@id":"https:\/\/www.ved.it\/it\/#organization","name":"VED Srl","url":"https:\/\/www.ved.it\/it\/","logo":{"@type":"ImageObject","inLanguage":"it-IT","@id":"https:\/\/www.ved.it\/it\/#\/schema\/logo\/image\/","url":"https:\/\/www.ved.it\/wp-content\/uploads\/2020\/12\/logo-ved_150px.png","contentUrl":"https:\/\/www.ved.it\/wp-content\/uploads\/2020\/12\/logo-ved_150px.png","width":149,"height":150,"caption":"VED Srl"},"image":{"@id":"https:\/\/www.ved.it\/it\/#\/schema\/logo\/image\/"},"sameAs":["http:\/\/www.linkedin.com\/company\/ved-s-r-l-?trk=top_nav_home","https:\/\/www.pinterest.com\/vedsrl","https:\/\/www.youtube.com\/channel\/UCFFwNB4TgMmaYpLRZOMnicw"]},{"@type":"Person","@id":"https:\/\/www.ved.it\/#\/schema\/person\/eef4e1e93b41dd9400b1cb15d7e8764a","name":"VED Company","image":{"@type":"ImageObject","inLanguage":"it-IT","@id":"https:\/\/www.ved.it\/it\/#\/schema\/person\/image\/","url":"https:\/\/secure.gravatar.com\/avatar\/23b2b03a061e70676f231531631b1660bdfd2a23ac1afabd2623807f58957830?s=96&d=mm&r=g","contentUrl":"https:\/\/secure.gravatar.com\/avatar\/23b2b03a061e70676f231531631b1660bdfd2a23ac1afabd2623807f58957830?s=96&d=mm&r=g","caption":"VED Company"},"url":"https:\/\/www.ved.it\/it\/author\/webservice\/"}]}},"_links":{"self":[{"href":"https:\/\/www.ved.it\/it\/wp-json\/wp\/v2\/posts\/5658","targetHints":{"allow":["GET"]}}],"collection":[{"href":"https:\/\/www.ved.it\/it\/wp-json\/wp\/v2\/posts"}],"about":[{"href":"https:\/\/www.ved.it\/it\/wp-json\/wp\/v2\/types\/post"}],"author":[{"embeddable":true,"href":"https:\/\/www.ved.it\/it\/wp-json\/wp\/v2\/users\/2"}],"replies":[{"embeddable":true,"href":"https:\/\/www.ved.it\/it\/wp-json\/wp\/v2\/comments?post=5658"}],"version-history":[{"count":7,"href":"https:\/\/www.ved.it\/it\/wp-json\/wp\/v2\/posts\/5658\/revisions"}],"predecessor-version":[{"id":5671,"href":"https:\/\/www.ved.it\/it\/wp-json\/wp\/v2\/posts\/5658\/revisions\/5671"}],"wp:featuredmedia":[{"embeddable":true,"href":"https:\/\/www.ved.it\/it\/wp-json\/wp\/v2\/media\/5661"}],"wp:attachment":[{"href":"https:\/\/www.ved.it\/it\/wp-json\/wp\/v2\/media?parent=5658"}],"wp:term":[{"taxonomy":"category","embeddable":true,"href":"https:\/\/www.ved.it\/it\/wp-json\/wp\/v2\/categories?post=5658"},{"taxonomy":"post_tag","embeddable":true,"href":"https:\/\/www.ved.it\/it\/wp-json\/wp\/v2\/tags?post=5658"}],"curies":[{"name":"wp","href":"https:\/\/api.w.org\/{rel}","templated":true}]}}