{"id":5646,"date":"2026-07-30T15:54:33","date_gmt":"2026-07-30T13:54:33","guid":{"rendered":"https:\/\/www.ved.it\/?p=5646"},"modified":"2026-09-02T16:10:25","modified_gmt":"2026-09-02T14:10:25","slug":"raffaele-maria-liberto-tra-i-40-under-40-di-fortune-italia","status":"publish","type":"post","link":"https:\/\/www.ved.it\/it\/raffaele-maria-liberto-tra-i-40-under-40-di-fortune-italia\/","title":{"rendered":"Raffaele Maria Liberto tra i 40 Under 40 di Fortune Italia"},"content":{"rendered":"<blockquote><p><span style=\"font-size: 18pt;\">Il Managing Director di VED inserito nella selezione dedicata ai giovani protagonisti che stanno contribuendo all\u2019evoluzione del Paese.<\/span><\/p><\/blockquote>\n<p style=\"text-align: justify;\"><span style=\"font-size: 14pt;\">Raffaele Maria Liberto, Managing Director di VED, \u00e8 stato inserito nella selezione 40 Under 40 di Fortune Italia, che raccoglie quaranta giovani italiani distintisi in differenti ambiti professionali, dall\u2019impresa all\u2019innovazione, dalla cultura alle professioni.<\/span><br \/>\n<span style=\"font-size: 14pt;\">Fortune Italia lo presenta nella categoria Top Manager, indicando il suo ruolo di Managing Director di VED e il percorso sviluppato come rappresentante della terza generazione del gruppo industriale VED-COEMI.<\/span><\/p>\n<h2><strong>Continuit\u00e0 generazionale e trasformazione<\/strong><\/h2>\n<p style=\"text-align: justify;\"><span style=\"font-size: 14pt;\">Un passaggio generazionale pu\u00f2 essere interpretato come semplice continuit\u00e0 oppure diventare l\u2019occasione per avviare una nuova fase. Il profilo pubblicato da Fortune evidenzia proprio quest\u2019ultima dimensione.<\/span><\/p>\n<p style=\"text-align: justify;\"><span style=\"font-size: 14pt;\">Classe 1988, Raffaele Maria Liberto ha accompagnato il Gruppo in un percorso di evoluzione organizzativa e industriale orientato a una struttura sempre pi\u00f9 manageriale, internazionale e attenta all\u2019innovazione.<\/span><br \/>\n<span style=\"font-size: 14pt;\">Il riconoscimento assume quindi un significato che va oltre il risultato individuale: racconta il delicato equilibrio tra il patrimonio costruito da un\u2019impresa nel corso delle generazioni e la necessit\u00e0 di continuare a trasformarlo per rispondere a nuovi scenari industriali.<\/span><\/p>\n<h2><strong><a href=\"https:\/\/www.siracusanews.it\/fortune-italia-un-siracusano-nella-top-40-raffaele-maria-liberto-tra-i-quaranta-under-40\/\" target=\"_blank\" rel=\"noopener\"><img loading=\"lazy\" decoding=\"async\" class=\"alignleft wp-image-5652 size-full\" src=\"https:\/\/www.ved.it\/wp-content\/uploads\/2026\/09\/raffaele_Liberto_2026.jpeg\" alt=\"\" width=\"1280\" height=\"1600\" srcset=\"https:\/\/www.ved.it\/wp-content\/uploads\/2026\/09\/raffaele_Liberto_2026.jpeg 1280w, https:\/\/www.ved.it\/wp-content\/uploads\/2026\/09\/raffaele_Liberto_2026-240x300.jpeg 240w, https:\/\/www.ved.it\/wp-content\/uploads\/2026\/09\/raffaele_Liberto_2026-819x1024.jpeg 819w, https:\/\/www.ved.it\/wp-content\/uploads\/2026\/09\/raffaele_Liberto_2026-768x960.jpeg 768w, https:\/\/www.ved.it\/wp-content\/uploads\/2026\/09\/raffaele_Liberto_2026-1229x1536.jpeg 1229w\" sizes=\"auto, (max-width: 1280px) 100vw, 1280px\" \/><\/a>Un gruppo industriale fondato sulle competenze<\/strong><\/h2>\n<p style=\"text-align: justify;\"><span style=\"font-size: 14pt;\">VED e COEMI operano attraverso competenze complementari dedicate all\u2019industria. VED sviluppa attivit\u00e0 e soluzioni specialistiche nei campi della manutenzione industriale, dei sistemi di tenuta, dei materiali compositi e del monitoraggio delle emissioni fuggitive.<\/span><br \/>\n<span style=\"font-size: 14pt;\">La collaborazione con COEMI amplia ulteriormente la capacit\u00e0 del Gruppo di integrare differenti discipline tecniche. In questa configurazione, la leadership non riguarda soltanto la gestione aziendale: significa creare le condizioni perch\u00e9 specializzazioni diverse possano collaborare e trasformarsi in una risposta integrata alle esigenze dei clienti.<\/span><\/p>\n<h2><strong>Capitale umano e formazione<\/strong><\/h2>\n<p style=\"text-align: justify;\"><span style=\"font-size: 14pt;\">Uno dei temi evidenziati da Fortune nel profilo di Liberto riguarda il capitale umano. La visione descritta associa sviluppo dell\u2019impresa, formazione continua e possibilit\u00e0 offerte ai giovani.<\/span><br \/>\n<span style=\"font-size: 14pt;\">In questa direzione si inseriscono iniziative come le Academy e la Borsa di Studio Giuseppe Prestigiacomo, attraverso le quali il Gruppo cerca di costruire collegamenti concreti tra formazione, competenze e mondo industriale.<\/span><\/p>\n<h2><strong>Innovare senza perdere la propria identit\u00e0<\/strong><\/h2>\n<p style=\"text-align: justify;\"><span style=\"font-size: 14pt;\">Per un\u2019impresa con una storia industriale consolidata, innovare non significa rinnegare ci\u00f2 che \u00e8 stato costruito. Significa utilizzare esperienza, conoscenza tecnica e cultura aziendale come base sulla quale sviluppare nuovi modelli.<\/span><br \/>\n<span style=\"font-size: 14pt;\">Il riconoscimento Fortune mette in evidenza questa capacit\u00e0 di coniugare continuit\u00e0 e cambiamento. Ed \u00e8 proprio in questa relazione tra generazioni che si gioca una parte importante della capacit\u00e0 di un\u2019impresa di rimanere competitiva nel tempo.<\/span><\/p>\n<h2><strong>Domande frequenti<\/strong><\/h2>\n<p style=\"text-align: justify;\"><span style=\"font-size: 14pt;\"><strong>Chi \u00e8 Raffaele Maria Liberto?<\/strong><\/span><br \/>\n<span style=\"font-size: 14pt;\">Raffaele Maria Liberto \u00e8 Managing Director di VED e rappresenta la terza generazione della famiglia alla guida del gruppo industriale VED-COEMI.<\/span><\/p>\n<p style=\"text-align: justify;\"><span style=\"font-size: 14pt;\"><strong>Cos\u2019\u00e8 la 40 Under 40 di Fortune Italia?<\/strong><\/span><\/p>\n<p style=\"text-align: justify;\"><span style=\"font-size: 14pt;\">\u00c8 una selezione con cui Fortune Italia presenta quaranta giovani protagonisti provenienti da differenti ambiti professionali e settori della societ\u00e0 italiana.<\/span><\/p>\n<p style=\"text-align: justify;\"><span style=\"font-size: 14pt;\"><strong>In quale categoria \u00e8 stato inserito?<\/strong><\/span><\/p>\n<p style=\"text-align: justify;\"><span style=\"font-size: 14pt;\">Fortune Italia indica Raffaele Maria Liberto nella categoria Top Manager.<\/span><\/p>\n<p style=\"text-align: justify;\"><span style=\"font-size: 14pt;\"><strong>Qual \u00e8 il suo ruolo in VED?<\/strong><\/span><\/p>\n<p style=\"text-align: justify;\"><span style=\"font-size: 14pt;\">\u00c8 Managing Director di VED Srl.<\/span><\/p>\n<p><a href=\"https:\/\/www.fortuneita.com\/40under40-2026\/\" target=\"_blank\" rel=\"noopener\"><img loading=\"lazy\" decoding=\"async\" class=\"alignleft wp-image-5653 size-full\" src=\"https:\/\/www.ved.it\/wp-content\/uploads\/2026\/09\/WhatsApp-Image-2026-09-02-at-15.50.39-1.jpeg\" alt=\"\" width=\"1206\" height=\"1552\" srcset=\"https:\/\/www.ved.it\/wp-content\/uploads\/2026\/09\/WhatsApp-Image-2026-09-02-at-15.50.39-1.jpeg 1206w, https:\/\/www.ved.it\/wp-content\/uploads\/2026\/09\/WhatsApp-Image-2026-09-02-at-15.50.39-1-233x300.jpeg 233w, https:\/\/www.ved.it\/wp-content\/uploads\/2026\/09\/WhatsApp-Image-2026-09-02-at-15.50.39-1-796x1024.jpeg 796w, https:\/\/www.ved.it\/wp-content\/uploads\/2026\/09\/WhatsApp-Image-2026-09-02-at-15.50.39-1-768x988.jpeg 768w, https:\/\/www.ved.it\/wp-content\/uploads\/2026\/09\/WhatsApp-Image-2026-09-02-at-15.50.39-1-1194x1536.jpeg 1194w\" sizes=\"auto, (max-width: 1206px) 100vw, 1206px\" \/><\/a>","protected":false},"excerpt":{"rendered":"<p>Il Managing Director di VED inserito nella selezione dedicata ai giovani protagonisti che stanno contribuendo all\u2019evoluzione del Paese. Raffaele Maria Liberto, Managing Director di VED, \u00e8 stato inserito nella selezione 40 Under 40 di Fortune Italia, che raccoglie quaranta giovani italiani distintisi in differenti ambiti professionali, dall\u2019impresa all\u2019innovazione, dalla cultura alle professioni. Fortune Italia lo [&hellip;]<\/p>\n","protected":false},"author":2,"featured_media":5651,"comment_status":"closed","ping_status":"closed","sticky":false,"template":"","format":"standard","meta":{"ngg_post_thumbnail":0,"footnotes":""},"categories":[176],"tags":[256,172],"class_list":["post-5646","post","type-post","status-publish","format-standard","has-post-thumbnail","hentry","category-premi","tag-fortune-italia","tag-riconoscimenti"],"yoast_head":"<!-- This site is optimized with the Yoast SEO plugin v26.9 - https:\/\/yoast.com\/product\/yoast-seo-wordpress\/ -->\n<title>Raffaele Maria Liberto tra i 40 Under 40 di Fortune Italia - VED Srl<\/title>\n<meta name=\"description\" content=\"Raffaele Maria Liberto, Managing Director di VED, entra nella selezione 40 Under 40 di Fortune Italia tra i giovani protagonisti del Paese.\" \/>\n<meta name=\"robots\" content=\"index, follow, max-snippet:-1, max-image-preview:large, max-video-preview:-1\" \/>\n<link rel=\"canonical\" href=\"https:\/\/www.ved.it\/it\/raffaele-maria-liberto-tra-i-40-under-40-di-fortune-italia\/\" \/>\n<meta property=\"og:locale\" content=\"it_IT\" \/>\n<meta property=\"og:type\" content=\"article\" \/>\n<meta property=\"og:title\" content=\"Raffaele Maria Liberto tra i 40 Under 40 di Fortune Italia - VED Srl\" \/>\n<meta property=\"og:description\" content=\"Raffaele Maria Liberto, Managing Director di VED, entra nella selezione 40 Under 40 di Fortune Italia tra i giovani protagonisti del Paese.\" \/>\n<meta property=\"og:url\" content=\"https:\/\/www.ved.it\/it\/raffaele-maria-liberto-tra-i-40-under-40-di-fortune-italia\/\" \/>\n<meta property=\"og:site_name\" content=\"VED Srl\" \/>\n<meta property=\"article:published_time\" content=\"2026-07-30T13:54:33+00:00\" \/>\n<meta property=\"article:modified_time\" content=\"2026-09-02T14:10:25+00:00\" \/>\n<meta property=\"og:image\" content=\"https:\/\/www.ved.it\/wp-content\/uploads\/2026\/09\/WhatsApp-Image-2026-09-02-at-15.50.39.jpeg\" \/>\n\t<meta property=\"og:image:width\" content=\"873\" \/>\n\t<meta property=\"og:image:height\" content=\"800\" \/>\n\t<meta property=\"og:image:type\" content=\"image\/jpeg\" \/>\n<meta name=\"author\" content=\"VED Company\" \/>\n<meta name=\"twitter:card\" content=\"summary_large_image\" \/>\n<meta name=\"twitter:label1\" content=\"Scritto da\" \/>\n\t<meta name=\"twitter:data1\" content=\"VED Company\" \/>\n\t<meta name=\"twitter:label2\" content=\"Tempo di lettura stimato\" \/>\n\t<meta name=\"twitter:data2\" content=\"4 minuti\" \/>\n<script type=\"application\/ld+json\" class=\"yoast-schema-graph\">{\"@context\":\"https:\/\/schema.org\",\"@graph\":[{\"@type\":\"Article\",\"@id\":\"https:\/\/www.ved.it\/raffaele-maria-liberto-tra-i-40-under-40-di-fortune-italia\/#article\",\"isPartOf\":{\"@id\":\"https:\/\/www.ved.it\/raffaele-maria-liberto-tra-i-40-under-40-di-fortune-italia\/\"},\"author\":{\"name\":\"VED Company\",\"@id\":\"https:\/\/www.ved.it\/#\/schema\/person\/eef4e1e93b41dd9400b1cb15d7e8764a\"},\"headline\":\"Raffaele Maria Liberto tra i 40 Under 40 di Fortune Italia\",\"datePublished\":\"2026-07-30T13:54:33+00:00\",\"dateModified\":\"2026-09-02T14:10:25+00:00\",\"mainEntityOfPage\":{\"@id\":\"https:\/\/www.ved.it\/raffaele-maria-liberto-tra-i-40-under-40-di-fortune-italia\/\"},\"wordCount\":493,\"publisher\":{\"@id\":\"https:\/\/www.ved.it\/#organization\"},\"image\":{\"@id\":\"https:\/\/www.ved.it\/raffaele-maria-liberto-tra-i-40-under-40-di-fortune-italia\/#primaryimage\"},\"thumbnailUrl\":\"https:\/\/www.ved.it\/wp-content\/uploads\/2026\/09\/WhatsApp-Image-2026-09-02-at-15.50.39.jpeg\",\"keywords\":[\"Fortune Italia\",\"riconoscimenti\"],\"articleSection\":[\"premi\"],\"inLanguage\":\"it-IT\"},{\"@type\":\"WebPage\",\"@id\":\"https:\/\/www.ved.it\/it\/raffaele-maria-liberto-tra-i-40-under-40-di-fortune-italia\/\",\"url\":\"https:\/\/www.ved.it\/it\/raffaele-maria-liberto-tra-i-40-under-40-di-fortune-italia\/\",\"name\":\"Raffaele Maria Liberto tra i 40 Under 40 di Fortune Italia - VED Srl\",\"isPartOf\":{\"@id\":\"https:\/\/www.ved.it\/it\/#website\"},\"primaryImageOfPage\":{\"@id\":\"https:\/\/www.ved.it\/it\/raffaele-maria-liberto-tra-i-40-under-40-di-fortune-italia\/#primaryimage\"},\"image\":{\"@id\":\"https:\/\/www.ved.it\/raffaele-maria-liberto-tra-i-40-under-40-di-fortune-italia\/#primaryimage\"},\"thumbnailUrl\":\"https:\/\/www.ved.it\/wp-content\/uploads\/2026\/09\/WhatsApp-Image-2026-09-02-at-15.50.39.jpeg\",\"datePublished\":\"2026-07-30T13:54:33+00:00\",\"dateModified\":\"2026-09-02T14:10:25+00:00\",\"description\":\"Raffaele Maria Liberto, Managing Director di VED, entra nella selezione 40 Under 40 di Fortune Italia tra i giovani protagonisti del Paese.\",\"breadcrumb\":{\"@id\":\"https:\/\/www.ved.it\/it\/raffaele-maria-liberto-tra-i-40-under-40-di-fortune-italia\/#breadcrumb\"},\"inLanguage\":\"it-IT\",\"potentialAction\":[{\"@type\":\"ReadAction\",\"target\":[[\"https:\/\/www.ved.it\/it\/raffaele-maria-liberto-tra-i-40-under-40-di-fortune-italia\/\"]]}]},{\"@type\":\"ImageObject\",\"inLanguage\":\"it-IT\",\"@id\":\"https:\/\/www.ved.it\/it\/raffaele-maria-liberto-tra-i-40-under-40-di-fortune-italia\/#primaryimage\",\"url\":\"https:\/\/www.ved.it\/wp-content\/uploads\/2026\/09\/WhatsApp-Image-2026-09-02-at-15.50.39.jpeg\",\"contentUrl\":\"https:\/\/www.ved.it\/wp-content\/uploads\/2026\/09\/WhatsApp-Image-2026-09-02-at-15.50.39.jpeg\",\"width\":873,\"height\":800},{\"@type\":\"BreadcrumbList\",\"@id\":\"https:\/\/www.ved.it\/it\/raffaele-maria-liberto-tra-i-40-under-40-di-fortune-italia\/#breadcrumb\",\"itemListElement\":[{\"@type\":\"ListItem\",\"position\":1,\"name\":\"Home\",\"item\":\"https:\/\/www.ved.it\/it\/\"},{\"@type\":\"ListItem\",\"position\":2,\"name\":\"Raffaele Maria Liberto tra i 40 Under 40 di Fortune Italia\"}]},{\"@type\":\"WebSite\",\"@id\":\"https:\/\/www.ved.it\/it\/#website\",\"url\":\"https:\/\/www.ved.it\/it\/\",\"name\":\"VED Srl\",\"description\":\"Oil&amp;Gas Specialised Services and Products Supplier\",\"publisher\":{\"@id\":\"https:\/\/www.ved.it\/it\/#organization\"},\"potentialAction\":[{\"@type\":\"SearchAction\",\"target\":{\"@type\":\"EntryPoint\",\"urlTemplate\":\"https:\/\/www.ved.it\/it\/?s={search_term_string}\"},\"query-input\":{\"@type\":\"PropertyValueSpecification\",\"valueRequired\":true,\"valueName\":\"search_term_string\"}}],\"inLanguage\":\"it-IT\"},{\"@type\":\"Organization\",\"@id\":\"https:\/\/www.ved.it\/it\/#organization\",\"name\":\"VED Srl\",\"url\":\"https:\/\/www.ved.it\/it\/\",\"logo\":{\"@type\":\"ImageObject\",\"inLanguage\":\"it-IT\",\"@id\":\"https:\/\/www.ved.it\/it\/#\/schema\/logo\/image\/\",\"url\":\"https:\/\/www.ved.it\/wp-content\/uploads\/2020\/12\/logo-ved_150px.png\",\"contentUrl\":\"https:\/\/www.ved.it\/wp-content\/uploads\/2020\/12\/logo-ved_150px.png\",\"width\":149,\"height\":150,\"caption\":\"VED Srl\"},\"image\":{\"@id\":\"https:\/\/www.ved.it\/it\/#\/schema\/logo\/image\/\"},\"sameAs\":[\"http:\/\/www.linkedin.com\/company\/ved-s-r-l-?trk=top_nav_home\",\"https:\/\/www.pinterest.com\/vedsrl\",\"https:\/\/www.youtube.com\/channel\/UCFFwNB4TgMmaYpLRZOMnicw\"]},{\"@type\":\"Person\",\"@id\":\"https:\/\/www.ved.it\/#\/schema\/person\/eef4e1e93b41dd9400b1cb15d7e8764a\",\"name\":\"VED Company\",\"image\":{\"@type\":\"ImageObject\",\"inLanguage\":\"it-IT\",\"@id\":\"https:\/\/www.ved.it\/it\/#\/schema\/person\/image\/\",\"url\":\"https:\/\/secure.gravatar.com\/avatar\/23b2b03a061e70676f231531631b1660bdfd2a23ac1afabd2623807f58957830?s=96&d=mm&r=g\",\"contentUrl\":\"https:\/\/secure.gravatar.com\/avatar\/23b2b03a061e70676f231531631b1660bdfd2a23ac1afabd2623807f58957830?s=96&d=mm&r=g\",\"caption\":\"VED Company\"},\"url\":\"https:\/\/www.ved.it\/it\/author\/webservice\/\"}]}<\/script>\n<!-- \/ Yoast SEO plugin. -->","yoast_head_json":{"title":"Raffaele Maria Liberto tra i 40 Under 40 di Fortune Italia - VED Srl","description":"Raffaele Maria Liberto, Managing Director di VED, entra nella selezione 40 Under 40 di Fortune Italia tra i giovani protagonisti del Paese.","robots":{"index":"index","follow":"follow","max-snippet":"max-snippet:-1","max-image-preview":"max-image-preview:large","max-video-preview":"max-video-preview:-1"},"canonical":"https:\/\/www.ved.it\/it\/raffaele-maria-liberto-tra-i-40-under-40-di-fortune-italia\/","og_locale":"it_IT","og_type":"article","og_title":"Raffaele Maria Liberto tra i 40 Under 40 di Fortune Italia - VED Srl","og_description":"Raffaele Maria Liberto, Managing Director di VED, entra nella selezione 40 Under 40 di Fortune Italia tra i giovani protagonisti del Paese.","og_url":"https:\/\/www.ved.it\/it\/raffaele-maria-liberto-tra-i-40-under-40-di-fortune-italia\/","og_site_name":"VED Srl","article_published_time":"2026-07-30T13:54:33+00:00","article_modified_time":"2026-09-02T14:10:25+00:00","og_image":[{"width":873,"height":800,"url":"https:\/\/www.ved.it\/wp-content\/uploads\/2026\/09\/WhatsApp-Image-2026-09-02-at-15.50.39.jpeg","type":"image\/jpeg"}],"author":"VED Company","twitter_card":"summary_large_image","twitter_misc":{"Scritto da":"VED Company","Tempo di lettura stimato":"4 minuti"},"schema":{"@context":"https:\/\/schema.org","@graph":[{"@type":"Article","@id":"https:\/\/www.ved.it\/raffaele-maria-liberto-tra-i-40-under-40-di-fortune-italia\/#article","isPartOf":{"@id":"https:\/\/www.ved.it\/raffaele-maria-liberto-tra-i-40-under-40-di-fortune-italia\/"},"author":{"name":"VED Company","@id":"https:\/\/www.ved.it\/#\/schema\/person\/eef4e1e93b41dd9400b1cb15d7e8764a"},"headline":"Raffaele Maria Liberto tra i 40 Under 40 di Fortune Italia","datePublished":"2026-07-30T13:54:33+00:00","dateModified":"2026-09-02T14:10:25+00:00","mainEntityOfPage":{"@id":"https:\/\/www.ved.it\/raffaele-maria-liberto-tra-i-40-under-40-di-fortune-italia\/"},"wordCount":493,"publisher":{"@id":"https:\/\/www.ved.it\/#organization"},"image":{"@id":"https:\/\/www.ved.it\/raffaele-maria-liberto-tra-i-40-under-40-di-fortune-italia\/#primaryimage"},"thumbnailUrl":"https:\/\/www.ved.it\/wp-content\/uploads\/2026\/09\/WhatsApp-Image-2026-09-02-at-15.50.39.jpeg","keywords":["Fortune Italia","riconoscimenti"],"articleSection":["premi"],"inLanguage":"it-IT"},{"@type":"WebPage","@id":"https:\/\/www.ved.it\/it\/raffaele-maria-liberto-tra-i-40-under-40-di-fortune-italia\/","url":"https:\/\/www.ved.it\/it\/raffaele-maria-liberto-tra-i-40-under-40-di-fortune-italia\/","name":"Raffaele Maria Liberto tra i 40 Under 40 di Fortune Italia - VED Srl","isPartOf":{"@id":"https:\/\/www.ved.it\/it\/#website"},"primaryImageOfPage":{"@id":"https:\/\/www.ved.it\/it\/raffaele-maria-liberto-tra-i-40-under-40-di-fortune-italia\/#primaryimage"},"image":{"@id":"https:\/\/www.ved.it\/raffaele-maria-liberto-tra-i-40-under-40-di-fortune-italia\/#primaryimage"},"thumbnailUrl":"https:\/\/www.ved.it\/wp-content\/uploads\/2026\/09\/WhatsApp-Image-2026-09-02-at-15.50.39.jpeg","datePublished":"2026-07-30T13:54:33+00:00","dateModified":"2026-09-02T14:10:25+00:00","description":"Raffaele Maria Liberto, Managing Director di VED, entra nella selezione 40 Under 40 di Fortune Italia tra i giovani protagonisti del Paese.","breadcrumb":{"@id":"https:\/\/www.ved.it\/it\/raffaele-maria-liberto-tra-i-40-under-40-di-fortune-italia\/#breadcrumb"},"inLanguage":"it-IT","potentialAction":[{"@type":"ReadAction","target":[["https:\/\/www.ved.it\/it\/raffaele-maria-liberto-tra-i-40-under-40-di-fortune-italia\/"]]}]},{"@type":"ImageObject","inLanguage":"it-IT","@id":"https:\/\/www.ved.it\/it\/raffaele-maria-liberto-tra-i-40-under-40-di-fortune-italia\/#primaryimage","url":"https:\/\/www.ved.it\/wp-content\/uploads\/2026\/09\/WhatsApp-Image-2026-09-02-at-15.50.39.jpeg","contentUrl":"https:\/\/www.ved.it\/wp-content\/uploads\/2026\/09\/WhatsApp-Image-2026-09-02-at-15.50.39.jpeg","width":873,"height":800},{"@type":"BreadcrumbList","@id":"https:\/\/www.ved.it\/it\/raffaele-maria-liberto-tra-i-40-under-40-di-fortune-italia\/#breadcrumb","itemListElement":[{"@type":"ListItem","position":1,"name":"Home","item":"https:\/\/www.ved.it\/it\/"},{"@type":"ListItem","position":2,"name":"Raffaele Maria Liberto tra i 40 Under 40 di Fortune Italia"}]},{"@type":"WebSite","@id":"https:\/\/www.ved.it\/it\/#website","url":"https:\/\/www.ved.it\/it\/","name":"VED Srl","description":"Oil&amp;Gas Specialised Services and Products Supplier","publisher":{"@id":"https:\/\/www.ved.it\/it\/#organization"},"potentialAction":[{"@type":"SearchAction","target":{"@type":"EntryPoint","urlTemplate":"https:\/\/www.ved.it\/it\/?s={search_term_string}"},"query-input":{"@type":"PropertyValueSpecification","valueRequired":true,"valueName":"search_term_string"}}],"inLanguage":"it-IT"},{"@type":"Organization","@id":"https:\/\/www.ved.it\/it\/#organization","name":"VED Srl","url":"https:\/\/www.ved.it\/it\/","logo":{"@type":"ImageObject","inLanguage":"it-IT","@id":"https:\/\/www.ved.it\/it\/#\/schema\/logo\/image\/","url":"https:\/\/www.ved.it\/wp-content\/uploads\/2020\/12\/logo-ved_150px.png","contentUrl":"https:\/\/www.ved.it\/wp-content\/uploads\/2020\/12\/logo-ved_150px.png","width":149,"height":150,"caption":"VED Srl"},"image":{"@id":"https:\/\/www.ved.it\/it\/#\/schema\/logo\/image\/"},"sameAs":["http:\/\/www.linkedin.com\/company\/ved-s-r-l-?trk=top_nav_home","https:\/\/www.pinterest.com\/vedsrl","https:\/\/www.youtube.com\/channel\/UCFFwNB4TgMmaYpLRZOMnicw"]},{"@type":"Person","@id":"https:\/\/www.ved.it\/#\/schema\/person\/eef4e1e93b41dd9400b1cb15d7e8764a","name":"VED Company","image":{"@type":"ImageObject","inLanguage":"it-IT","@id":"https:\/\/www.ved.it\/it\/#\/schema\/person\/image\/","url":"https:\/\/secure.gravatar.com\/avatar\/23b2b03a061e70676f231531631b1660bdfd2a23ac1afabd2623807f58957830?s=96&d=mm&r=g","contentUrl":"https:\/\/secure.gravatar.com\/avatar\/23b2b03a061e70676f231531631b1660bdfd2a23ac1afabd2623807f58957830?s=96&d=mm&r=g","caption":"VED Company"},"url":"https:\/\/www.ved.it\/it\/author\/webservice\/"}]}},"_links":{"self":[{"href":"https:\/\/www.ved.it\/it\/wp-json\/wp\/v2\/posts\/5646","targetHints":{"allow":["GET"]}}],"collection":[{"href":"https:\/\/www.ved.it\/it\/wp-json\/wp\/v2\/posts"}],"about":[{"href":"https:\/\/www.ved.it\/it\/wp-json\/wp\/v2\/types\/post"}],"author":[{"embeddable":true,"href":"https:\/\/www.ved.it\/it\/wp-json\/wp\/v2\/users\/2"}],"replies":[{"embeddable":true,"href":"https:\/\/www.ved.it\/it\/wp-json\/wp\/v2\/comments?post=5646"}],"version-history":[{"count":7,"href":"https:\/\/www.ved.it\/it\/wp-json\/wp\/v2\/posts\/5646\/revisions"}],"predecessor-version":[{"id":5657,"href":"https:\/\/www.ved.it\/it\/wp-json\/wp\/v2\/posts\/5646\/revisions\/5657"}],"wp:featuredmedia":[{"embeddable":true,"href":"https:\/\/www.ved.it\/it\/wp-json\/wp\/v2\/media\/5651"}],"wp:attachment":[{"href":"https:\/\/www.ved.it\/it\/wp-json\/wp\/v2\/media?parent=5646"}],"wp:term":[{"taxonomy":"category","embeddable":true,"href":"https:\/\/www.ved.it\/it\/wp-json\/wp\/v2\/categories?post=5646"},{"taxonomy":"post_tag","embeddable":true,"href":"https:\/\/www.ved.it\/it\/wp-json\/wp\/v2\/tags?post=5646"}],"curies":[{"name":"wp","href":"https:\/\/api.w.org\/{rel}","templated":true}]}}